{"id":371,"date":"2021-05-04T21:48:00","date_gmt":"2021-05-04T19:48:00","guid":{"rendered":"https:\/\/alicia.cat\/noticia\/la-fundacio-alicia-participa-a-la-guia-comer-y-beber-con-gusto-2021-una-guia-que-facilita-lalimentacio-dels-malalts-dela\/"},"modified":"2023-04-21T23:15:40","modified_gmt":"2023-04-21T21:15:40","slug":"la-fundacio-alicia-participa-a-la-guia-comer-y-beber-con-gusto-2021-una-guia-que-facilita-lalimentacio-dels-malalts-dela","status":"publish","type":"noticia","link":"https:\/\/alicia.cat\/en\/noticia\/la-fundacio-alicia-participa-a-la-guia-comer-y-beber-con-gusto-2021-una-guia-que-facilita-lalimentacio-dels-malalts-dela\/","title":{"rendered":"The Alicia Foundation collaborates with Luzon Foundation at the &#8216;Gu\u00eda Comer y beber Con Gusto 2021&#8217;, a guide that facilitates the feeding of ALS patients"},"content":{"rendered":"\n<p>La &#8216;Gu\u00eda Comer y beber Con Gusto 2021&#8217; es una nueva publicaci\u00f3n impulsada por la Fundaci\u00f3n Luz\u00f3n, con la participaci\u00f3n de la Fundaci\u00f3n Alicia, junto con el Campus de la Alimentaci\u00f3n &#8211; UB y del Hospital de Bellvitge, que facilita la alimentaci\u00f3n los enfermos de ELA.<\/p>\n\n\n\n<p>Esta nueva edici\u00f3n de la gu\u00eda ha tenido como eje central la textura de los alimentos y las bebidas en la alimentaci\u00f3n para las personas afectadas por la disfagia. La novedad principal frente a la anterior edici\u00f3n de 2017, donde \u00fanicamente se consegu\u00edan soluciones trituradas, es que se han creado platos con diferentes modificaciones de texturas. Este hecho es muy importante ya que no s\u00f3lo aporta variedad, sino que consigue crear platos m\u00e1s apetitosos.<\/p>\n\n\n\n<p>La presentaci\u00f3n de la nueva gu\u00eda cont\u00f3 con la presencia de enfermos de ELA, cuidadores, familiares, investigadores y profesionales sanitarios, as\u00ed como del ex-futbolista J.C Unzu\u00e9. Tambi\u00e9n se realizaron presentaciones exclusivas de la elaboraci\u00f3n de algunas de las recetas incluidas en la gu\u00eda.<\/p>\n\n\n\n<p><strong>Pod\u00e9is descargar la gu\u00eda&nbsp;<a href=\"https:\/\/ffluzon.org\/con-gusto\">aqu\u00ed&nbsp;<\/a><\/strong><\/p>\n\n\n\n<p><\/p>\n\n\n\n<figure class=\"wp-block-gallery has-nested-images columns-default is-cropped wp-block-gallery-1 is-layout-flex wp-block-gallery-is-layout-flex\">\n<figure class=\"wp-block-image size-large\"><img fetchpriority=\"high\" decoding=\"async\" width=\"800\" height=\"533\" data-id=\"249\" src=\"https:\/\/alicia.cat\/wp-content\/uploads\/2023\/04\/20210504-ELA-2.jpg\" alt=\"\" class=\"wp-image-249\" srcset=\"https:\/\/alicia.cat\/wp-content\/uploads\/2023\/04\/20210504-ELA-2.jpg 800w, https:\/\/alicia.cat\/wp-content\/uploads\/2023\/04\/20210504-ELA-2-300x200.jpg 300w, https:\/\/alicia.cat\/wp-content\/uploads\/2023\/04\/20210504-ELA-2-768x512.jpg 768w\" sizes=\"(max-width: 800px) 100vw, 800px\" \/><\/figure>\n\n\n\n<figure class=\"wp-block-image size-large\"><img decoding=\"async\" width=\"387\" height=\"538\" data-id=\"252\" src=\"https:\/\/alicia.cat\/wp-content\/uploads\/2023\/04\/Guia-2021-Con-Gusto.jpeg\" alt=\"\" class=\"wp-image-252\" srcset=\"https:\/\/alicia.cat\/wp-content\/uploads\/2023\/04\/Guia-2021-Con-Gusto.jpeg 387w, https:\/\/alicia.cat\/wp-content\/uploads\/2023\/04\/Guia-2021-Con-Gusto-216x300.jpeg 216w\" sizes=\"(max-width: 387px) 100vw, 387px\" \/><\/figure>\n\n\n\n<figure class=\"wp-block-image size-large\"><img decoding=\"async\" width=\"800\" height=\"533\" data-id=\"254\" src=\"https:\/\/alicia.cat\/wp-content\/uploads\/2023\/04\/20210504-ELA-3.jpg\" alt=\"\" class=\"wp-image-254\" srcset=\"https:\/\/alicia.cat\/wp-content\/uploads\/2023\/04\/20210504-ELA-3.jpg 800w, https:\/\/alicia.cat\/wp-content\/uploads\/2023\/04\/20210504-ELA-3-300x200.jpg 300w, https:\/\/alicia.cat\/wp-content\/uploads\/2023\/04\/20210504-ELA-3-768x512.jpg 768w\" sizes=\"(max-width: 800px) 100vw, 800px\" \/><\/figure>\n<\/figure>\n","protected":false},"featured_media":247,"template":"","class_list":["post-371","noticia","type-noticia","status-publish","has-post-thumbnail","hentry"],"yoast_head":"<!-- This site is optimized with the Yoast SEO plugin v26.9 - https:\/\/yoast.com\/product\/yoast-seo-wordpress\/ -->\n<title>The Alicia Foundation collaborates with Luzon Foundation at the &#039;Gu\u00eda Comer y beber Con Gusto 2021&#039;, a guide that facilitates the feeding of ALS patients - Fundaci\u00f3 Al\u00edcia<\/title>\n<meta name=\"robots\" content=\"index, follow, max-snippet:-1, max-image-preview:large, max-video-preview:-1\" \/>\n<link rel=\"canonical\" href=\"https:\/\/alicia.cat\/en\/noticia\/la-fundacio-alicia-participa-a-la-guia-comer-y-beber-con-gusto-2021-una-guia-que-facilita-lalimentacio-dels-malalts-dela\/\" \/>\n<meta property=\"og:locale\" content=\"en_US\" \/>\n<meta property=\"og:type\" content=\"article\" \/>\n<meta property=\"og:title\" content=\"The Alicia Foundation collaborates with Luzon Foundation at the &#039;Gu\u00eda Comer y beber Con Gusto 2021&#039;, a guide that facilitates the feeding of ALS patients - Fundaci\u00f3 Al\u00edcia\" \/>\n<meta property=\"og:description\" content=\"La &#8216;Gu\u00eda Comer y beber Con Gusto 2021&#8217; es una nueva publicaci\u00f3n impulsada por la Fundaci\u00f3n Luz\u00f3n, con la participaci\u00f3n de la Fundaci\u00f3n Alicia, junto con el Campus de la Alimentaci\u00f3n &#8211; UB y del Hospital de Bellvitge, que facilita la alimentaci\u00f3n los enfermos de ELA. Esta nueva edici\u00f3n de la gu\u00eda ha tenido como [&hellip;]\" \/>\n<meta property=\"og:url\" content=\"https:\/\/alicia.cat\/en\/noticia\/la-fundacio-alicia-participa-a-la-guia-comer-y-beber-con-gusto-2021-una-guia-que-facilita-lalimentacio-dels-malalts-dela\/\" \/>\n<meta property=\"og:site_name\" content=\"Fundaci\u00f3 Al\u00edcia\" \/>\n<meta property=\"article:publisher\" content=\"https:\/\/www.facebook.com\/FUNDACIOALICIA\" \/>\n<meta property=\"article:modified_time\" content=\"2023-04-21T21:15:40+00:00\" \/>\n<meta property=\"og:image\" content=\"https:\/\/alicia.cat\/wp-content\/uploads\/2023\/04\/20210504-ELA-1.jpg\" \/>\n\t<meta property=\"og:image:width\" content=\"800\" \/>\n\t<meta property=\"og:image:height\" content=\"533\" \/>\n\t<meta property=\"og:image:type\" content=\"image\/jpeg\" \/>\n<meta name=\"twitter:card\" content=\"summary_large_image\" \/>\n<meta name=\"twitter:site\" content=\"@FundacioAlicia\" \/>\n<meta name=\"twitter:label1\" content=\"Est. reading time\" \/>\n\t<meta name=\"twitter:data1\" content=\"2 minutes\" \/>\n<script type=\"application\/ld+json\" class=\"yoast-schema-graph\">{\"@context\":\"https:\/\/schema.org\",\"@graph\":[{\"@type\":[\"WebPage\",\"ItemPage\"],\"@id\":\"https:\/\/alicia.cat\/en\/noticia\/la-fundacio-alicia-participa-a-la-guia-comer-y-beber-con-gusto-2021-una-guia-que-facilita-lalimentacio-dels-malalts-dela\/\",\"url\":\"https:\/\/alicia.cat\/en\/noticia\/la-fundacio-alicia-participa-a-la-guia-comer-y-beber-con-gusto-2021-una-guia-que-facilita-lalimentacio-dels-malalts-dela\/\",\"name\":\"The Alicia Foundation collaborates with Luzon Foundation at the 'Gu\u00eda Comer y beber Con Gusto 2021', a guide that facilitates the feeding of ALS patients - Fundaci\u00f3 Al\u00edcia\",\"isPartOf\":{\"@id\":\"https:\/\/alicia.cat\/en\/#website\"},\"primaryImageOfPage\":{\"@id\":\"https:\/\/alicia.cat\/en\/noticia\/la-fundacio-alicia-participa-a-la-guia-comer-y-beber-con-gusto-2021-una-guia-que-facilita-lalimentacio-dels-malalts-dela\/#primaryimage\"},\"image\":{\"@id\":\"https:\/\/alicia.cat\/en\/noticia\/la-fundacio-alicia-participa-a-la-guia-comer-y-beber-con-gusto-2021-una-guia-que-facilita-lalimentacio-dels-malalts-dela\/#primaryimage\"},\"thumbnailUrl\":\"https:\/\/alicia.cat\/wp-content\/uploads\/2023\/04\/20210504-ELA-1.jpg\",\"datePublished\":\"2021-05-04T19:48:00+00:00\",\"dateModified\":\"2023-04-21T21:15:40+00:00\",\"breadcrumb\":{\"@id\":\"https:\/\/alicia.cat\/en\/noticia\/la-fundacio-alicia-participa-a-la-guia-comer-y-beber-con-gusto-2021-una-guia-que-facilita-lalimentacio-dels-malalts-dela\/#breadcrumb\"},\"inLanguage\":\"en-US\",\"potentialAction\":[{\"@type\":\"ReadAction\",\"target\":[\"https:\/\/alicia.cat\/en\/noticia\/la-fundacio-alicia-participa-a-la-guia-comer-y-beber-con-gusto-2021-una-guia-que-facilita-lalimentacio-dels-malalts-dela\/\"]}]},{\"@type\":\"ImageObject\",\"inLanguage\":\"en-US\",\"@id\":\"https:\/\/alicia.cat\/en\/noticia\/la-fundacio-alicia-participa-a-la-guia-comer-y-beber-con-gusto-2021-una-guia-que-facilita-lalimentacio-dels-malalts-dela\/#primaryimage\",\"url\":\"https:\/\/alicia.cat\/wp-content\/uploads\/2023\/04\/20210504-ELA-1.jpg\",\"contentUrl\":\"https:\/\/alicia.cat\/wp-content\/uploads\/2023\/04\/20210504-ELA-1.jpg\",\"width\":800,\"height\":533},{\"@type\":\"BreadcrumbList\",\"@id\":\"https:\/\/alicia.cat\/en\/noticia\/la-fundacio-alicia-participa-a-la-guia-comer-y-beber-con-gusto-2021-una-guia-que-facilita-lalimentacio-dels-malalts-dela\/#breadcrumb\",\"itemListElement\":[{\"@type\":\"ListItem\",\"position\":1,\"name\":\"Inici\",\"item\":\"https:\/\/alicia.cat\/en\/\"},{\"@type\":\"ListItem\",\"position\":2,\"name\":\"Not\u00edcies\",\"item\":\"https:\/\/alicia.cat\/en\/noticia\/\"},{\"@type\":\"ListItem\",\"position\":3,\"name\":\"The Alicia Foundation collaborates with Luzon Foundation at the &#8216;Gu\u00eda Comer y beber Con Gusto 2021&#8217;, a guide that facilitates the feeding of ALS patients\"}]},{\"@type\":\"WebSite\",\"@id\":\"https:\/\/alicia.cat\/en\/#website\",\"url\":\"https:\/\/alicia.cat\/en\/\",\"name\":\"Fundaci\u00f3 Al\u00edcia\",\"description\":\"\",\"publisher\":{\"@id\":\"https:\/\/alicia.cat\/en\/#organization\"},\"potentialAction\":[{\"@type\":\"SearchAction\",\"target\":{\"@type\":\"EntryPoint\",\"urlTemplate\":\"https:\/\/alicia.cat\/en\/?s={search_term_string}\"},\"query-input\":{\"@type\":\"PropertyValueSpecification\",\"valueRequired\":true,\"valueName\":\"search_term_string\"}}],\"inLanguage\":\"en-US\"},{\"@type\":\"Organization\",\"@id\":\"https:\/\/alicia.cat\/en\/#organization\",\"name\":\"Fundaci\u00f3 Al\u00edcia\",\"alternateName\":\"Al\u00edcia\",\"url\":\"https:\/\/alicia.cat\/en\/\",\"logo\":{\"@type\":\"ImageObject\",\"inLanguage\":\"en-US\",\"@id\":\"https:\/\/alicia.cat\/en\/#\/schema\/logo\/image\/\",\"url\":\"https:\/\/alicia.cat\/wp-content\/uploads\/2023\/02\/logo_alicia.svg\",\"contentUrl\":\"https:\/\/alicia.cat\/wp-content\/uploads\/2023\/02\/logo_alicia.svg\",\"width\":240,\"height\":50,\"caption\":\"Fundaci\u00f3 Al\u00edcia\"},\"image\":{\"@id\":\"https:\/\/alicia.cat\/en\/#\/schema\/logo\/image\/\"},\"sameAs\":[\"https:\/\/www.facebook.com\/FUNDACIOALICIA\",\"https:\/\/x.com\/FundacioAlicia\",\"https:\/\/www.instagram.com\/fundacioalicia\/\",\"https:\/\/www.linkedin.com\/company\/fundacionalicia\/\",\"https:\/\/www.youtube.com\/FundacioAlicia\"]}]}<\/script>\n<!-- \/ Yoast SEO plugin. -->","yoast_head_json":{"title":"The Alicia Foundation collaborates with Luzon Foundation at the 'Gu\u00eda Comer y beber Con Gusto 2021', a guide that facilitates the feeding of ALS patients - Fundaci\u00f3 Al\u00edcia","robots":{"index":"index","follow":"follow","max-snippet":"max-snippet:-1","max-image-preview":"max-image-preview:large","max-video-preview":"max-video-preview:-1"},"canonical":"https:\/\/alicia.cat\/en\/noticia\/la-fundacio-alicia-participa-a-la-guia-comer-y-beber-con-gusto-2021-una-guia-que-facilita-lalimentacio-dels-malalts-dela\/","og_locale":"en_US","og_type":"article","og_title":"The Alicia Foundation collaborates with Luzon Foundation at the 'Gu\u00eda Comer y beber Con Gusto 2021', a guide that facilitates the feeding of ALS patients - Fundaci\u00f3 Al\u00edcia","og_description":"La &#8216;Gu\u00eda Comer y beber Con Gusto 2021&#8217; es una nueva publicaci\u00f3n impulsada por la Fundaci\u00f3n Luz\u00f3n, con la participaci\u00f3n de la Fundaci\u00f3n Alicia, junto con el Campus de la Alimentaci\u00f3n &#8211; UB y del Hospital de Bellvitge, que facilita la alimentaci\u00f3n los enfermos de ELA. Esta nueva edici\u00f3n de la gu\u00eda ha tenido como [&hellip;]","og_url":"https:\/\/alicia.cat\/en\/noticia\/la-fundacio-alicia-participa-a-la-guia-comer-y-beber-con-gusto-2021-una-guia-que-facilita-lalimentacio-dels-malalts-dela\/","og_site_name":"Fundaci\u00f3 Al\u00edcia","article_publisher":"https:\/\/www.facebook.com\/FUNDACIOALICIA","article_modified_time":"2023-04-21T21:15:40+00:00","og_image":[{"width":800,"height":533,"url":"https:\/\/alicia.cat\/wp-content\/uploads\/2023\/04\/20210504-ELA-1.jpg","type":"image\/jpeg"}],"twitter_card":"summary_large_image","twitter_site":"@FundacioAlicia","twitter_misc":{"Est. reading time":"2 minutes"},"schema":{"@context":"https:\/\/schema.org","@graph":[{"@type":["WebPage","ItemPage"],"@id":"https:\/\/alicia.cat\/en\/noticia\/la-fundacio-alicia-participa-a-la-guia-comer-y-beber-con-gusto-2021-una-guia-que-facilita-lalimentacio-dels-malalts-dela\/","url":"https:\/\/alicia.cat\/en\/noticia\/la-fundacio-alicia-participa-a-la-guia-comer-y-beber-con-gusto-2021-una-guia-que-facilita-lalimentacio-dels-malalts-dela\/","name":"The Alicia Foundation collaborates with Luzon Foundation at the 'Gu\u00eda Comer y beber Con Gusto 2021', a guide that facilitates the feeding of ALS patients - Fundaci\u00f3 Al\u00edcia","isPartOf":{"@id":"https:\/\/alicia.cat\/en\/#website"},"primaryImageOfPage":{"@id":"https:\/\/alicia.cat\/en\/noticia\/la-fundacio-alicia-participa-a-la-guia-comer-y-beber-con-gusto-2021-una-guia-que-facilita-lalimentacio-dels-malalts-dela\/#primaryimage"},"image":{"@id":"https:\/\/alicia.cat\/en\/noticia\/la-fundacio-alicia-participa-a-la-guia-comer-y-beber-con-gusto-2021-una-guia-que-facilita-lalimentacio-dels-malalts-dela\/#primaryimage"},"thumbnailUrl":"https:\/\/alicia.cat\/wp-content\/uploads\/2023\/04\/20210504-ELA-1.jpg","datePublished":"2021-05-04T19:48:00+00:00","dateModified":"2023-04-21T21:15:40+00:00","breadcrumb":{"@id":"https:\/\/alicia.cat\/en\/noticia\/la-fundacio-alicia-participa-a-la-guia-comer-y-beber-con-gusto-2021-una-guia-que-facilita-lalimentacio-dels-malalts-dela\/#breadcrumb"},"inLanguage":"en-US","potentialAction":[{"@type":"ReadAction","target":["https:\/\/alicia.cat\/en\/noticia\/la-fundacio-alicia-participa-a-la-guia-comer-y-beber-con-gusto-2021-una-guia-que-facilita-lalimentacio-dels-malalts-dela\/"]}]},{"@type":"ImageObject","inLanguage":"en-US","@id":"https:\/\/alicia.cat\/en\/noticia\/la-fundacio-alicia-participa-a-la-guia-comer-y-beber-con-gusto-2021-una-guia-que-facilita-lalimentacio-dels-malalts-dela\/#primaryimage","url":"https:\/\/alicia.cat\/wp-content\/uploads\/2023\/04\/20210504-ELA-1.jpg","contentUrl":"https:\/\/alicia.cat\/wp-content\/uploads\/2023\/04\/20210504-ELA-1.jpg","width":800,"height":533},{"@type":"BreadcrumbList","@id":"https:\/\/alicia.cat\/en\/noticia\/la-fundacio-alicia-participa-a-la-guia-comer-y-beber-con-gusto-2021-una-guia-que-facilita-lalimentacio-dels-malalts-dela\/#breadcrumb","itemListElement":[{"@type":"ListItem","position":1,"name":"Inici","item":"https:\/\/alicia.cat\/en\/"},{"@type":"ListItem","position":2,"name":"Not\u00edcies","item":"https:\/\/alicia.cat\/en\/noticia\/"},{"@type":"ListItem","position":3,"name":"The Alicia Foundation collaborates with Luzon Foundation at the &#8216;Gu\u00eda Comer y beber Con Gusto 2021&#8217;, a guide that facilitates the feeding of ALS patients"}]},{"@type":"WebSite","@id":"https:\/\/alicia.cat\/en\/#website","url":"https:\/\/alicia.cat\/en\/","name":"Fundaci\u00f3 Al\u00edcia","description":"","publisher":{"@id":"https:\/\/alicia.cat\/en\/#organization"},"potentialAction":[{"@type":"SearchAction","target":{"@type":"EntryPoint","urlTemplate":"https:\/\/alicia.cat\/en\/?s={search_term_string}"},"query-input":{"@type":"PropertyValueSpecification","valueRequired":true,"valueName":"search_term_string"}}],"inLanguage":"en-US"},{"@type":"Organization","@id":"https:\/\/alicia.cat\/en\/#organization","name":"Fundaci\u00f3 Al\u00edcia","alternateName":"Al\u00edcia","url":"https:\/\/alicia.cat\/en\/","logo":{"@type":"ImageObject","inLanguage":"en-US","@id":"https:\/\/alicia.cat\/en\/#\/schema\/logo\/image\/","url":"https:\/\/alicia.cat\/wp-content\/uploads\/2023\/02\/logo_alicia.svg","contentUrl":"https:\/\/alicia.cat\/wp-content\/uploads\/2023\/02\/logo_alicia.svg","width":240,"height":50,"caption":"Fundaci\u00f3 Al\u00edcia"},"image":{"@id":"https:\/\/alicia.cat\/en\/#\/schema\/logo\/image\/"},"sameAs":["https:\/\/www.facebook.com\/FUNDACIOALICIA","https:\/\/x.com\/FundacioAlicia","https:\/\/www.instagram.com\/fundacioalicia\/","https:\/\/www.linkedin.com\/company\/fundacionalicia\/","https:\/\/www.youtube.com\/FundacioAlicia"]}]}},"_links":{"self":[{"href":"https:\/\/alicia.cat\/en\/wp-json\/wp\/v2\/noticia\/371","targetHints":{"allow":["GET"]}}],"collection":[{"href":"https:\/\/alicia.cat\/en\/wp-json\/wp\/v2\/noticia"}],"about":[{"href":"https:\/\/alicia.cat\/en\/wp-json\/wp\/v2\/types\/noticia"}],"wp:featuredmedia":[{"embeddable":true,"href":"https:\/\/alicia.cat\/en\/wp-json\/wp\/v2\/media\/247"}],"wp:attachment":[{"href":"https:\/\/alicia.cat\/en\/wp-json\/wp\/v2\/media?parent=371"}],"curies":[{"name":"wp","href":"https:\/\/api.w.org\/{rel}","templated":true}]}}