{"id":4878,"date":"2024-07-03T11:46:43","date_gmt":"2024-07-03T09:46:43","guid":{"rendered":"https:\/\/alicia.cat\/?post_type=noticia&#038;p=4878"},"modified":"2024-07-04T11:41:54","modified_gmt":"2024-07-04T09:41:54","slug":"el-proyecto-salsa-salud-alimentacion-y-sociabilidad","status":"publish","type":"noticia","link":"https:\/\/alicia.cat\/es\/noticia\/el-proyecto-salsa-salud-alimentacion-y-sociabilidad\/","title":{"rendered":"El proyecto SALSA: salud, alimentaci\u00f3n y sociabilidad"},"content":{"rendered":"\n<p>SALSA (Salud, Alimentaci\u00f3n y Sociabilidad) <strong>tiene el objetivo de mejorar la calidad de vida de las personas que viven en situaci\u00f3n de soledad no deseada.<\/strong><\/p>\n\n\n\n<p><strong>Durante cuatro meses, desde finales de febrero hasta finales de este mes de junio, una cincuentena de vecinos de Sant Joan de Vilatorrada, personas de entre 40 y 90 a\u00f1os previamente seleccionados por el CAP y los servicios sociales del Ayuntamiento, almuerzan juntos de martes a viernes<\/strong>, en restaurantes de esta localidad del Bages (las primeras cuatro semanas en el restaurante <em>Tot anir\u00e0 b\u00e9<\/em>, y actualmente en <em>Ca la Petita<\/em>). Los participantes han aceptado formar parte de esta primera prueba piloto donde asisten a una comida diaria en compa\u00f1\u00eda de otras personas.<\/p>\n\n\n\n<p><strong>Elena Roura Carvajal<\/strong>, Directora Cient\u00edfica de la Fundaci\u00f3n Al\u00edcia y del Proyecto SALSA, explica que la iniciativa surgi\u00f3 despu\u00e9s de darse cuenta de que <strong>\u201ctanto la evidencia cient\u00edfica como otros estudios y proyectos de Al\u00edcia concluyen que las personas en situaci\u00f3n de soledad no deseada tienen m\u00e1s riesgo de padecer malnutrici\u00f3n<\/strong>, dado que su alimentaci\u00f3n es menos variada y m\u00e1s mon\u00f3tona. A partir de aqu\u00ed, se plante\u00f3 la hip\u00f3tesis de que las personas en situaci\u00f3n de soledad no deseada aseguran un equilibrio nutricional y la mejora de su estado compartiendo comidas diarias saludables con otras personas. Adem\u00e1s, cabe indicar otros beneficios emocionales y mentales resultantes del acompa\u00f1amiento, de compartir una mesa con otras personas y de las relaciones sociales que se derivan\u201d.<\/p>\n\n\n\n<p><strong>Comidas compartidas en Sant Joan de Vilatorrada<\/strong><\/p>\n\n\n\n<p><strong>Los men\u00fas han sido dise\u00f1ados por los expertos de Al\u00edcia conjuntamente con los restauradores, asegurando que sean nutritivos, saludables, buenos y sostenibles.<\/strong> Se han establecido men\u00fas semanales adaptados y equilibrados a partir de la oferta de los propios establecimientos, teniendo en cuenta las necesidades espec\u00edficas de salud de los usuarios. Se dise\u00f1an dos men\u00fas completos por semana que incluyen dos opciones de primeros y segundos platos. As\u00ed, los participantes pueden elegir seg\u00fan sus preferencias y necesidades espec\u00edficas de salud.<\/p>\n\n\n\n<p><strong>Un proyecto pionero y diferente con la restauraci\u00f3n como herramienta<\/strong><\/p>\n\n\n\n<p><strong>El Proyecto SALSA es uno de los 10 proyectos seleccionados en la primera Llamada de Atenci\u00f3n Integrada del Hub de Innovaci\u00f3n Social y Sanitaria (HiSS)<\/strong>, una iniciativa del Consorcio Sanitario de Terrassa y de la Fundaci\u00f3n Joan Costa y Roma dentro de la Estrategia de Atenci\u00f3n Integrada de los Departamentos de Salud y Derechos Sociales que cuenta con la colaboraci\u00f3n de la futura Agencia de Atenci\u00f3n Integrada Social y Sanitaria de Catalu\u00f1a.<\/p>\n\n\n\n<p>El proyecto conjuga restauraci\u00f3n y socializaci\u00f3n sin estigmatizar ni se\u00f1alar condiciones individuales de ning\u00fan participante, ya que la soledad no deseada no entiende de edades ni condiciones econ\u00f3micas ni sociales.<\/p>\n\n\n\n<p><strong>Una iniciativa con m\u00faltiples beneficios y la voluntad de recuperar la funci\u00f3n social de los espacios tradicionales de restauraci\u00f3n de proximidad<\/strong><\/p>\n\n\n\n<p>Desde Al\u00edcia y el CAP Sant Joan de Vilatorrada se responde as\u00ed a la necesidad de intervenciones concretas, efectivas y sostenibles con la voluntad de reforzar los establecimientos de restauraci\u00f3n como ejes de socializaci\u00f3n, relaciones humanas y creaci\u00f3n de v\u00ednculos. Establecimientos inclusivos, t\u00edpicos de nuestra cultura y estructura comunitaria donde comer un men\u00fa diario saludable, adaptado a los gustos y necesidades de cada uno y a precios razonables. <strong>Lugares de encuentro donde cada vecino se siente conocido, bienvenido y atendido.<\/strong><\/p>\n\n\n\n<p><strong>Evaluaci\u00f3n y respuesta positiva por parte de los participantes<\/strong><\/p>\n\n\n\n<p><strong>Los resultados de la prueba piloto del Proyecto SALSA se determinar\u00e1n a partir del an\u00e1lisis del impacto en indicadores como la soledad no deseada, la adherencia a la dieta mediterr\u00e1nea, las escalas de depresi\u00f3n, ansiedad, apoyo social, el estado nutricional y los costos sanitarios (visitas al CAP, consumo de medicamentos, etc.).<\/strong><\/p>\n\n\n\n<p><strong>Anna Ruiz Comellas<\/strong>, m\u00e9dica de familia del CAP Sant Joan de Vilatorrada e investigadora de la Unidad de Investigaci\u00f3n e Innovaci\u00f3n del ICS en la Catalunya Central y del Proyecto SALSA, se muestra muy ilusionada con el proyecto por \u201cel impacto tan espectacular que est\u00e1 teniendo en los participantes. <strong>Mis pacientes me dicen que est\u00e1n muy contentos y agradecidos porque han conocido a mucha gente, se sienten cuidados y m\u00e1s animados. Salir de casa y encontrarse con amigos les va muy bien. Me preguntan qu\u00e9 pasar\u00e1 en julio cuando termine el estudio y si podr\u00e1n volver a venir. El proyecto ha tenido muy buena acogida y ha corrido mucho la voz en el pueblo.<\/strong> Casi cada d\u00eda tenemos solicitudes de personas que quieren participar, directamente por parte de la persona interesada o tambi\u00e9n por parte de sus familiares; que creen que la propuesta mejorar\u00e1 la salud de su madre o padre\u201d.<\/p>\n\n\n\n<p>El CAP Sant Joan de Vilatorrada apuesta por la prescripci\u00f3n social y quisiera incorporar los men\u00fas al restaurante como una actividad saludable, tal como hace invitando a sus usuarios a participar en caminatas y otras actividades comunitarias.<\/p>\n\n\n\n<p><strong>Hacia una red de apoyo comunitario<\/strong><\/p>\n\n\n\n<p><strong>El Proyecto SALSA es una prueba piloto con aspiraciones de gran alcance. <\/strong>Despu\u00e9s de Sant Joan de Vilatorrada, est\u00e1 previsto hacer una segunda prueba en un municipio de \u00e1mbito rural del Pirineo para probar la aplicabilidad del proyecto en otros contextos locales. Esta iniciativa busca crear una red de apoyo comunitario a escala regional, con el objetivo de ser replicada en otros municipios con el apoyo de los ayuntamientos locales.<\/p>\n\n\n\n<p><strong>Soledad no deseada<\/strong><\/p>\n\n\n\n<p>Seg\u00fan los datos del <strong>Bar\u00f3metro de la soledad no deseada en Espa\u00f1a 2024<\/strong>, una de cada cinco personas (20,0%) padece soledad no deseada en Espa\u00f1a. La mitad de la poblaci\u00f3n ha experimentado soledad no deseada alguna vez, y el 36,6% de los que no se sienten solos, se han sentido solos en alg\u00fan momento de la vida. La soledad es m\u00e1s com\u00fan entre mujeres que entre hombres y es m\u00e1s prevalente entre los j\u00f3venes y las personas mayores de 75 a\u00f1os. Aunque no hay diferencias en prevalencia entre entorno rural y urbano, en el medio rural la juventud experimenta niveles muy elevados de soledad, mientras que en el medio urbano sucede lo inverso, las personas mayores padecen m\u00e1s soledad.<\/p>\n\n\n\n<p>La gran mayor\u00eda de la sociedad (&gt;91%) considera la soledad un problema social importante, y la ve como invisible. Tambi\u00e9n considera que la lucha contra la soledad debe ser una cuesti\u00f3n prioritaria para las administraciones p\u00fablicas, as\u00ed como una responsabilidad compartida por el conjunto de la sociedad. Esta percepci\u00f3n ha aumentado desde el \u00faltimo bar\u00f3metro del 2022, donde tambi\u00e9n se indicaba que a 2 de cada 3 personas les gustar\u00eda poder realizar acciones para combatir la soledad de las personas en su entorno.<\/p>\n\n\n\n<div class=\"wp-block-group is-layout-constrained wp-block-group-is-layout-constrained\">\n<figure class=\"wp-block-gallery has-nested-images columns-default is-cropped wp-block-gallery-1 is-layout-flex wp-block-gallery-is-layout-flex\">\n<figure class=\"wp-block-image size-large\"><img fetchpriority=\"high\" decoding=\"async\" width=\"768\" height=\"1024\" data-id=\"4891\" src=\"https:\/\/alicia.cat\/wp-content\/uploads\/2024\/07\/IMG_2663-768x1024.jpg\" alt=\"\" class=\"wp-image-4891\" srcset=\"https:\/\/alicia.cat\/wp-content\/uploads\/2024\/07\/IMG_2663-768x1024.jpg 768w, https:\/\/alicia.cat\/wp-content\/uploads\/2024\/07\/IMG_2663-225x300.jpg 225w, https:\/\/alicia.cat\/wp-content\/uploads\/2024\/07\/IMG_2663-1152x1536.jpg 1152w, https:\/\/alicia.cat\/wp-content\/uploads\/2024\/07\/IMG_2663-1536x2048.jpg 1536w, https:\/\/alicia.cat\/wp-content\/uploads\/2024\/07\/IMG_2663-scaled.jpg 1920w\" sizes=\"(max-width: 768px) 100vw, 768px\" \/><\/figure>\n\n\n\n<figure class=\"wp-block-image size-large\"><img decoding=\"async\" width=\"768\" height=\"1024\" data-id=\"4879\" src=\"https:\/\/alicia.cat\/wp-content\/uploads\/2024\/07\/IMG_2667-768x1024.jpg\" alt=\"\" class=\"wp-image-4879\" srcset=\"https:\/\/alicia.cat\/wp-content\/uploads\/2024\/07\/IMG_2667-768x1024.jpg 768w, https:\/\/alicia.cat\/wp-content\/uploads\/2024\/07\/IMG_2667-225x300.jpg 225w, https:\/\/alicia.cat\/wp-content\/uploads\/2024\/07\/IMG_2667-1152x1536.jpg 1152w, https:\/\/alicia.cat\/wp-content\/uploads\/2024\/07\/IMG_2667-1536x2048.jpg 1536w, https:\/\/alicia.cat\/wp-content\/uploads\/2024\/07\/IMG_2667-scaled.jpg 1920w\" sizes=\"(max-width: 768px) 100vw, 768px\" \/><\/figure>\n\n\n\n<figure class=\"wp-block-image size-large\"><img decoding=\"async\" width=\"768\" height=\"1024\" data-id=\"4888\" src=\"https:\/\/alicia.cat\/wp-content\/uploads\/2024\/07\/IMG_2681-768x1024.jpg\" alt=\"\" class=\"wp-image-4888\" srcset=\"https:\/\/alicia.cat\/wp-content\/uploads\/2024\/07\/IMG_2681-768x1024.jpg 768w, https:\/\/alicia.cat\/wp-content\/uploads\/2024\/07\/IMG_2681-225x300.jpg 225w, https:\/\/alicia.cat\/wp-content\/uploads\/2024\/07\/IMG_2681-1152x1536.jpg 1152w, https:\/\/alicia.cat\/wp-content\/uploads\/2024\/07\/IMG_2681-1536x2048.jpg 1536w, https:\/\/alicia.cat\/wp-content\/uploads\/2024\/07\/IMG_2681-scaled.jpg 1920w\" sizes=\"(max-width: 768px) 100vw, 768px\" \/><\/figure>\n\n\n\n<figure class=\"wp-block-image size-large\"><img loading=\"lazy\" decoding=\"async\" width=\"768\" height=\"1024\" data-id=\"4882\" src=\"https:\/\/alicia.cat\/wp-content\/uploads\/2024\/07\/IMG_2689-1-768x1024.jpg\" alt=\"\" class=\"wp-image-4882\" srcset=\"https:\/\/alicia.cat\/wp-content\/uploads\/2024\/07\/IMG_2689-1-768x1024.jpg 768w, https:\/\/alicia.cat\/wp-content\/uploads\/2024\/07\/IMG_2689-1-225x300.jpg 225w, https:\/\/alicia.cat\/wp-content\/uploads\/2024\/07\/IMG_2689-1-1152x1536.jpg 1152w, https:\/\/alicia.cat\/wp-content\/uploads\/2024\/07\/IMG_2689-1-1536x2048.jpg 1536w, https:\/\/alicia.cat\/wp-content\/uploads\/2024\/07\/IMG_2689-1-scaled.jpg 1920w\" sizes=\"(max-width: 768px) 100vw, 768px\" \/><\/figure>\n\n\n\n<figure class=\"wp-block-image size-large\"><img loading=\"lazy\" decoding=\"async\" width=\"768\" height=\"1024\" data-id=\"4884\" src=\"https:\/\/alicia.cat\/wp-content\/uploads\/2024\/07\/IMG_3042-768x1024.jpg\" alt=\"\" class=\"wp-image-4884\" srcset=\"https:\/\/alicia.cat\/wp-content\/uploads\/2024\/07\/IMG_3042-768x1024.jpg 768w, https:\/\/alicia.cat\/wp-content\/uploads\/2024\/07\/IMG_3042-225x300.jpg 225w, https:\/\/alicia.cat\/wp-content\/uploads\/2024\/07\/IMG_3042-1152x1536.jpg 1152w, https:\/\/alicia.cat\/wp-content\/uploads\/2024\/07\/IMG_3042-1536x2048.jpg 1536w, https:\/\/alicia.cat\/wp-content\/uploads\/2024\/07\/IMG_3042-scaled.jpg 1920w\" sizes=\"(max-width: 768px) 100vw, 768px\" \/><\/figure>\n<\/figure>\n<\/div>\n","protected":false},"featured_media":4801,"template":"","class_list":["post-4878","noticia","type-noticia","status-publish","has-post-thumbnail","hentry"],"yoast_head":"<!-- This site is optimized with the Yoast SEO plugin v26.9 - https:\/\/yoast.com\/product\/yoast-seo-wordpress\/ -->\n<title>El proyecto SALSA: salud, alimentaci\u00f3n y sociabilidad - Fundaci\u00f3 Al\u00edcia<\/title>\n<meta name=\"robots\" content=\"index, follow, max-snippet:-1, max-image-preview:large, max-video-preview:-1\" \/>\n<link rel=\"canonical\" href=\"https:\/\/alicia.cat\/es\/noticia\/el-proyecto-salsa-salud-alimentacion-y-sociabilidad\/\" \/>\n<meta property=\"og:locale\" content=\"es_ES\" \/>\n<meta property=\"og:type\" content=\"article\" \/>\n<meta property=\"og:title\" content=\"El proyecto SALSA: salud, alimentaci\u00f3n y sociabilidad - Fundaci\u00f3 Al\u00edcia\" \/>\n<meta property=\"og:description\" content=\"SALSA (Salud, Alimentaci\u00f3n y Sociabilidad) tiene el objetivo de mejorar la calidad de vida de las personas que viven en situaci\u00f3n de soledad no deseada. Durante cuatro meses, desde finales de febrero hasta finales de este mes de junio, una cincuentena de vecinos de Sant Joan de Vilatorrada, personas de entre 40 y 90 a\u00f1os [&hellip;]\" \/>\n<meta property=\"og:url\" content=\"https:\/\/alicia.cat\/es\/noticia\/el-proyecto-salsa-salud-alimentacion-y-sociabilidad\/\" \/>\n<meta property=\"og:site_name\" content=\"Fundaci\u00f3 Al\u00edcia\" \/>\n<meta property=\"article:publisher\" content=\"https:\/\/www.facebook.com\/FUNDACIOALICIA\" \/>\n<meta property=\"article:modified_time\" content=\"2024-07-04T09:41:54+00:00\" \/>\n<meta property=\"og:image\" content=\"https:\/\/alicia.cat\/wp-content\/uploads\/2024\/06\/IMG_2689-1-1-scaled-e1719999914771.jpg\" \/>\n\t<meta property=\"og:image:width\" content=\"1920\" \/>\n\t<meta property=\"og:image:height\" content=\"1109\" \/>\n\t<meta property=\"og:image:type\" content=\"image\/jpeg\" \/>\n<meta name=\"twitter:card\" content=\"summary_large_image\" \/>\n<meta name=\"twitter:site\" content=\"@FundacioAlicia\" \/>\n<meta name=\"twitter:label1\" content=\"Tiempo de lectura\" \/>\n\t<meta name=\"twitter:data1\" content=\"8 minutos\" \/>\n<script type=\"application\/ld+json\" class=\"yoast-schema-graph\">{\"@context\":\"https:\/\/schema.org\",\"@graph\":[{\"@type\":[\"WebPage\",\"ItemPage\"],\"@id\":\"https:\/\/alicia.cat\/es\/noticia\/el-proyecto-salsa-salud-alimentacion-y-sociabilidad\/\",\"url\":\"https:\/\/alicia.cat\/es\/noticia\/el-proyecto-salsa-salud-alimentacion-y-sociabilidad\/\",\"name\":\"El proyecto SALSA: salud, alimentaci\u00f3n y sociabilidad - Fundaci\u00f3 Al\u00edcia\",\"isPartOf\":{\"@id\":\"https:\/\/alicia.cat\/es\/#website\"},\"primaryImageOfPage\":{\"@id\":\"https:\/\/alicia.cat\/es\/noticia\/el-proyecto-salsa-salud-alimentacion-y-sociabilidad\/#primaryimage\"},\"image\":{\"@id\":\"https:\/\/alicia.cat\/es\/noticia\/el-proyecto-salsa-salud-alimentacion-y-sociabilidad\/#primaryimage\"},\"thumbnailUrl\":\"https:\/\/alicia.cat\/wp-content\/uploads\/2024\/06\/IMG_2689-1-1-scaled-e1719999914771.jpg\",\"datePublished\":\"2024-07-03T09:46:43+00:00\",\"dateModified\":\"2024-07-04T09:41:54+00:00\",\"breadcrumb\":{\"@id\":\"https:\/\/alicia.cat\/es\/noticia\/el-proyecto-salsa-salud-alimentacion-y-sociabilidad\/#breadcrumb\"},\"inLanguage\":\"es\",\"potentialAction\":[{\"@type\":\"ReadAction\",\"target\":[\"https:\/\/alicia.cat\/es\/noticia\/el-proyecto-salsa-salud-alimentacion-y-sociabilidad\/\"]}]},{\"@type\":\"ImageObject\",\"inLanguage\":\"es\",\"@id\":\"https:\/\/alicia.cat\/es\/noticia\/el-proyecto-salsa-salud-alimentacion-y-sociabilidad\/#primaryimage\",\"url\":\"https:\/\/alicia.cat\/wp-content\/uploads\/2024\/06\/IMG_2689-1-1-scaled-e1719999914771.jpg\",\"contentUrl\":\"https:\/\/alicia.cat\/wp-content\/uploads\/2024\/06\/IMG_2689-1-1-scaled-e1719999914771.jpg\",\"width\":1920,\"height\":1109},{\"@type\":\"BreadcrumbList\",\"@id\":\"https:\/\/alicia.cat\/es\/noticia\/el-proyecto-salsa-salud-alimentacion-y-sociabilidad\/#breadcrumb\",\"itemListElement\":[{\"@type\":\"ListItem\",\"position\":1,\"name\":\"Inici\",\"item\":\"https:\/\/alicia.cat\/es\/\"},{\"@type\":\"ListItem\",\"position\":2,\"name\":\"Not\u00edcies\",\"item\":\"https:\/\/alicia.cat\/es\/noticia\/\"},{\"@type\":\"ListItem\",\"position\":3,\"name\":\"El proyecto SALSA: salud, alimentaci\u00f3n y sociabilidad\"}]},{\"@type\":\"WebSite\",\"@id\":\"https:\/\/alicia.cat\/es\/#website\",\"url\":\"https:\/\/alicia.cat\/es\/\",\"name\":\"Fundaci\u00f3 Al\u00edcia\",\"description\":\"\",\"publisher\":{\"@id\":\"https:\/\/alicia.cat\/es\/#organization\"},\"potentialAction\":[{\"@type\":\"SearchAction\",\"target\":{\"@type\":\"EntryPoint\",\"urlTemplate\":\"https:\/\/alicia.cat\/es\/?s={search_term_string}\"},\"query-input\":{\"@type\":\"PropertyValueSpecification\",\"valueRequired\":true,\"valueName\":\"search_term_string\"}}],\"inLanguage\":\"es\"},{\"@type\":\"Organization\",\"@id\":\"https:\/\/alicia.cat\/es\/#organization\",\"name\":\"Fundaci\u00f3 Al\u00edcia\",\"alternateName\":\"Al\u00edcia\",\"url\":\"https:\/\/alicia.cat\/es\/\",\"logo\":{\"@type\":\"ImageObject\",\"inLanguage\":\"es\",\"@id\":\"https:\/\/alicia.cat\/es\/#\/schema\/logo\/image\/\",\"url\":\"https:\/\/alicia.cat\/wp-content\/uploads\/2023\/02\/logo_alicia.svg\",\"contentUrl\":\"https:\/\/alicia.cat\/wp-content\/uploads\/2023\/02\/logo_alicia.svg\",\"width\":240,\"height\":50,\"caption\":\"Fundaci\u00f3 Al\u00edcia\"},\"image\":{\"@id\":\"https:\/\/alicia.cat\/es\/#\/schema\/logo\/image\/\"},\"sameAs\":[\"https:\/\/www.facebook.com\/FUNDACIOALICIA\",\"https:\/\/x.com\/FundacioAlicia\",\"https:\/\/www.instagram.com\/fundacioalicia\/\",\"https:\/\/www.linkedin.com\/company\/fundacionalicia\/\",\"https:\/\/www.youtube.com\/FundacioAlicia\"]}]}<\/script>\n<!-- \/ Yoast SEO plugin. -->","yoast_head_json":{"title":"El proyecto SALSA: salud, alimentaci\u00f3n y sociabilidad - Fundaci\u00f3 Al\u00edcia","robots":{"index":"index","follow":"follow","max-snippet":"max-snippet:-1","max-image-preview":"max-image-preview:large","max-video-preview":"max-video-preview:-1"},"canonical":"https:\/\/alicia.cat\/es\/noticia\/el-proyecto-salsa-salud-alimentacion-y-sociabilidad\/","og_locale":"es_ES","og_type":"article","og_title":"El proyecto SALSA: salud, alimentaci\u00f3n y sociabilidad - Fundaci\u00f3 Al\u00edcia","og_description":"SALSA (Salud, Alimentaci\u00f3n y Sociabilidad) tiene el objetivo de mejorar la calidad de vida de las personas que viven en situaci\u00f3n de soledad no deseada. Durante cuatro meses, desde finales de febrero hasta finales de este mes de junio, una cincuentena de vecinos de Sant Joan de Vilatorrada, personas de entre 40 y 90 a\u00f1os [&hellip;]","og_url":"https:\/\/alicia.cat\/es\/noticia\/el-proyecto-salsa-salud-alimentacion-y-sociabilidad\/","og_site_name":"Fundaci\u00f3 Al\u00edcia","article_publisher":"https:\/\/www.facebook.com\/FUNDACIOALICIA","article_modified_time":"2024-07-04T09:41:54+00:00","og_image":[{"width":1920,"height":1109,"url":"https:\/\/alicia.cat\/wp-content\/uploads\/2024\/06\/IMG_2689-1-1-scaled-e1719999914771.jpg","type":"image\/jpeg"}],"twitter_card":"summary_large_image","twitter_site":"@FundacioAlicia","twitter_misc":{"Tiempo de lectura":"8 minutos"},"schema":{"@context":"https:\/\/schema.org","@graph":[{"@type":["WebPage","ItemPage"],"@id":"https:\/\/alicia.cat\/es\/noticia\/el-proyecto-salsa-salud-alimentacion-y-sociabilidad\/","url":"https:\/\/alicia.cat\/es\/noticia\/el-proyecto-salsa-salud-alimentacion-y-sociabilidad\/","name":"El proyecto SALSA: salud, alimentaci\u00f3n y sociabilidad - Fundaci\u00f3 Al\u00edcia","isPartOf":{"@id":"https:\/\/alicia.cat\/es\/#website"},"primaryImageOfPage":{"@id":"https:\/\/alicia.cat\/es\/noticia\/el-proyecto-salsa-salud-alimentacion-y-sociabilidad\/#primaryimage"},"image":{"@id":"https:\/\/alicia.cat\/es\/noticia\/el-proyecto-salsa-salud-alimentacion-y-sociabilidad\/#primaryimage"},"thumbnailUrl":"https:\/\/alicia.cat\/wp-content\/uploads\/2024\/06\/IMG_2689-1-1-scaled-e1719999914771.jpg","datePublished":"2024-07-03T09:46:43+00:00","dateModified":"2024-07-04T09:41:54+00:00","breadcrumb":{"@id":"https:\/\/alicia.cat\/es\/noticia\/el-proyecto-salsa-salud-alimentacion-y-sociabilidad\/#breadcrumb"},"inLanguage":"es","potentialAction":[{"@type":"ReadAction","target":["https:\/\/alicia.cat\/es\/noticia\/el-proyecto-salsa-salud-alimentacion-y-sociabilidad\/"]}]},{"@type":"ImageObject","inLanguage":"es","@id":"https:\/\/alicia.cat\/es\/noticia\/el-proyecto-salsa-salud-alimentacion-y-sociabilidad\/#primaryimage","url":"https:\/\/alicia.cat\/wp-content\/uploads\/2024\/06\/IMG_2689-1-1-scaled-e1719999914771.jpg","contentUrl":"https:\/\/alicia.cat\/wp-content\/uploads\/2024\/06\/IMG_2689-1-1-scaled-e1719999914771.jpg","width":1920,"height":1109},{"@type":"BreadcrumbList","@id":"https:\/\/alicia.cat\/es\/noticia\/el-proyecto-salsa-salud-alimentacion-y-sociabilidad\/#breadcrumb","itemListElement":[{"@type":"ListItem","position":1,"name":"Inici","item":"https:\/\/alicia.cat\/es\/"},{"@type":"ListItem","position":2,"name":"Not\u00edcies","item":"https:\/\/alicia.cat\/es\/noticia\/"},{"@type":"ListItem","position":3,"name":"El proyecto SALSA: salud, alimentaci\u00f3n y sociabilidad"}]},{"@type":"WebSite","@id":"https:\/\/alicia.cat\/es\/#website","url":"https:\/\/alicia.cat\/es\/","name":"Fundaci\u00f3 Al\u00edcia","description":"","publisher":{"@id":"https:\/\/alicia.cat\/es\/#organization"},"potentialAction":[{"@type":"SearchAction","target":{"@type":"EntryPoint","urlTemplate":"https:\/\/alicia.cat\/es\/?s={search_term_string}"},"query-input":{"@type":"PropertyValueSpecification","valueRequired":true,"valueName":"search_term_string"}}],"inLanguage":"es"},{"@type":"Organization","@id":"https:\/\/alicia.cat\/es\/#organization","name":"Fundaci\u00f3 Al\u00edcia","alternateName":"Al\u00edcia","url":"https:\/\/alicia.cat\/es\/","logo":{"@type":"ImageObject","inLanguage":"es","@id":"https:\/\/alicia.cat\/es\/#\/schema\/logo\/image\/","url":"https:\/\/alicia.cat\/wp-content\/uploads\/2023\/02\/logo_alicia.svg","contentUrl":"https:\/\/alicia.cat\/wp-content\/uploads\/2023\/02\/logo_alicia.svg","width":240,"height":50,"caption":"Fundaci\u00f3 Al\u00edcia"},"image":{"@id":"https:\/\/alicia.cat\/es\/#\/schema\/logo\/image\/"},"sameAs":["https:\/\/www.facebook.com\/FUNDACIOALICIA","https:\/\/x.com\/FundacioAlicia","https:\/\/www.instagram.com\/fundacioalicia\/","https:\/\/www.linkedin.com\/company\/fundacionalicia\/","https:\/\/www.youtube.com\/FundacioAlicia"]}]}},"_links":{"self":[{"href":"https:\/\/alicia.cat\/es\/wp-json\/wp\/v2\/noticia\/4878","targetHints":{"allow":["GET"]}}],"collection":[{"href":"https:\/\/alicia.cat\/es\/wp-json\/wp\/v2\/noticia"}],"about":[{"href":"https:\/\/alicia.cat\/es\/wp-json\/wp\/v2\/types\/noticia"}],"wp:featuredmedia":[{"embeddable":true,"href":"https:\/\/alicia.cat\/es\/wp-json\/wp\/v2\/media\/4801"}],"wp:attachment":[{"href":"https:\/\/alicia.cat\/es\/wp-json\/wp\/v2\/media?parent=4878"}],"curies":[{"name":"wp","href":"https:\/\/api.w.org\/{rel}","templated":true}]}}