{"id":5584,"date":"2024-12-03T10:38:33","date_gmt":"2024-12-03T09:38:33","guid":{"rendered":"https:\/\/alicia.cat\/noticia\/fundacion-alicia-en-madrid-fusion-dreams-en-toledo\/"},"modified":"2024-12-18T10:46:53","modified_gmt":"2024-12-18T09:46:53","slug":"fundacion-alicia-en-madrid-fusion-dreams-en-toledo","status":"publish","type":"noticia","link":"https:\/\/alicia.cat\/es\/noticia\/fundacion-alicia-en-madrid-fusion-dreams-en-toledo\/","title":{"rendered":"Fundaci\u00f3n Al\u00edcia en Madrid Fusi\u00f3n Dreams en Toledo"},"content":{"rendered":"\n<p>Con esta participaci\u00f3n, Al\u00edcia reafirm\u00f3 su compromiso con la investigaci\u00f3n e innovaci\u00f3n en gastronom\u00eda, conectando salud, territorio y sostenibilidad en el futuro de la alimentaci\u00f3n.<\/p>\n\n<p>Durante el evento, Al\u00edcia contribuy\u00f3 al dise\u00f1o conceptual del programa junto con Madrid Fusi\u00f3n, destacando el papel de la gastronom\u00eda en la innovaci\u00f3n y la sostenibilidad. Se abord\u00f3 la conexi\u00f3n entre gastronom\u00eda, salud y territorio, con temas como la I+D con producto local, la inteligencia artificial en la agricultura y el futuro de los oficios tradicionales. Toni Massan\u00e9s, director de la Fundaci\u00f3n, fue uno de los ponentes destacados. Puedes consultar m\u00e1s detalles en Madrid Fusi\u00f3n Dreams.   <\/p>\n\n<p>Con este tipo de participaciones, Al\u00edcia reafirma su misi\u00f3n: hacer que la alimentaci\u00f3n sea una herramienta para vivir mejor, conectando tradici\u00f3n, ciencia y compromiso social.<\/p>\n\n<figure class=\"wp-block-gallery has-nested-images columns-default is-cropped wp-block-gallery-1 is-layout-flex wp-block-gallery-is-layout-flex\">\n<figure class=\"wp-block-image size-large\"><img decoding=\"async\" data-id=\"5569\" src=\"https:\/\/alicia.cat\/wp-content\/uploads\/2024\/12\/GXM_1403-1024x1024.jpg\" alt=\"\" class=\"wp-image-5569\"\/><\/figure>\n\n\n\n<figure class=\"wp-block-image size-large\"><img fetchpriority=\"high\" decoding=\"async\" width=\"1024\" height=\"1024\" data-id=\"5576\" src=\"https:\/\/alicia.cat\/wp-content\/uploads\/2024\/12\/GXM_1395-1024x1024.jpg\" alt=\"\" class=\"wp-image-5576\" srcset=\"https:\/\/alicia.cat\/wp-content\/uploads\/2024\/12\/GXM_1395-1024x1024.jpg 1024w, https:\/\/alicia.cat\/wp-content\/uploads\/2024\/12\/GXM_1395-300x300.jpg 300w, https:\/\/alicia.cat\/wp-content\/uploads\/2024\/12\/GXM_1395-150x150.jpg 150w, https:\/\/alicia.cat\/wp-content\/uploads\/2024\/12\/GXM_1395-768x768.jpg 768w, https:\/\/alicia.cat\/wp-content\/uploads\/2024\/12\/GXM_1395-1536x1536.jpg 1536w, https:\/\/alicia.cat\/wp-content\/uploads\/2024\/12\/GXM_1395-2048x2048.jpg 2048w\" sizes=\"(max-width: 1024px) 100vw, 1024px\" \/><\/figure>\n\n\n\n<figure class=\"wp-block-image size-large\"><img decoding=\"async\" width=\"1024\" height=\"1024\" data-id=\"5565\" src=\"https:\/\/alicia.cat\/wp-content\/uploads\/2024\/12\/GXM_1389-1024x1024.jpg\" alt=\"\" class=\"wp-image-5565\" srcset=\"https:\/\/alicia.cat\/wp-content\/uploads\/2024\/12\/GXM_1389-1024x1024.jpg 1024w, https:\/\/alicia.cat\/wp-content\/uploads\/2024\/12\/GXM_1389-300x300.jpg 300w, https:\/\/alicia.cat\/wp-content\/uploads\/2024\/12\/GXM_1389-150x150.jpg 150w, https:\/\/alicia.cat\/wp-content\/uploads\/2024\/12\/GXM_1389-768x768.jpg 768w, https:\/\/alicia.cat\/wp-content\/uploads\/2024\/12\/GXM_1389-1536x1536.jpg 1536w, https:\/\/alicia.cat\/wp-content\/uploads\/2024\/12\/GXM_1389-2048x2048.jpg 2048w\" sizes=\"(max-width: 1024px) 100vw, 1024px\" \/><\/figure>\n\n\n\n<figure class=\"wp-block-image size-large\"><img decoding=\"async\" width=\"1024\" height=\"683\" data-id=\"5580\" src=\"https:\/\/alicia.cat\/wp-content\/uploads\/2024\/12\/GXM_1377-1024x683.jpg\" alt=\"\" class=\"wp-image-5580\" srcset=\"https:\/\/alicia.cat\/wp-content\/uploads\/2024\/12\/GXM_1377-1024x683.jpg 1024w, https:\/\/alicia.cat\/wp-content\/uploads\/2024\/12\/GXM_1377-300x200.jpg 300w, https:\/\/alicia.cat\/wp-content\/uploads\/2024\/12\/GXM_1377-768x512.jpg 768w, https:\/\/alicia.cat\/wp-content\/uploads\/2024\/12\/GXM_1377-1536x1024.jpg 1536w, https:\/\/alicia.cat\/wp-content\/uploads\/2024\/12\/GXM_1377-2048x1365.jpg 2048w\" sizes=\"(max-width: 1024px) 100vw, 1024px\" \/><\/figure>\n\n\n\n<figure class=\"wp-block-image size-large\"><img loading=\"lazy\" decoding=\"async\" width=\"1024\" height=\"683\" data-id=\"5573\" src=\"https:\/\/alicia.cat\/wp-content\/uploads\/2024\/12\/GXM_1371-1024x683.jpg\" alt=\"\" class=\"wp-image-5573\" srcset=\"https:\/\/alicia.cat\/wp-content\/uploads\/2024\/12\/GXM_1371-1024x683.jpg 1024w, https:\/\/alicia.cat\/wp-content\/uploads\/2024\/12\/GXM_1371-300x200.jpg 300w, https:\/\/alicia.cat\/wp-content\/uploads\/2024\/12\/GXM_1371-768x512.jpg 768w, https:\/\/alicia.cat\/wp-content\/uploads\/2024\/12\/GXM_1371-1536x1024.jpg 1536w, https:\/\/alicia.cat\/wp-content\/uploads\/2024\/12\/GXM_1371-2048x1365.jpg 2048w\" sizes=\"(max-width: 1024px) 100vw, 1024px\" \/><\/figure>\n\n\n\n<figure class=\"wp-block-image size-large\"><img loading=\"lazy\" decoding=\"async\" width=\"1024\" height=\"1024\" data-id=\"5563\" src=\"https:\/\/alicia.cat\/wp-content\/uploads\/2024\/12\/GXM_1415-1024x1024.jpg\" alt=\"\" class=\"wp-image-5563\" srcset=\"https:\/\/alicia.cat\/wp-content\/uploads\/2024\/12\/GXM_1415-1024x1024.jpg 1024w, https:\/\/alicia.cat\/wp-content\/uploads\/2024\/12\/GXM_1415-300x300.jpg 300w, https:\/\/alicia.cat\/wp-content\/uploads\/2024\/12\/GXM_1415-150x150.jpg 150w, https:\/\/alicia.cat\/wp-content\/uploads\/2024\/12\/GXM_1415-768x768.jpg 768w, https:\/\/alicia.cat\/wp-content\/uploads\/2024\/12\/GXM_1415-1536x1536.jpg 1536w, https:\/\/alicia.cat\/wp-content\/uploads\/2024\/12\/GXM_1415-2048x2048.jpg 2048w\" sizes=\"(max-width: 1024px) 100vw, 1024px\" \/><\/figure>\n\n\n\n<figure class=\"wp-block-image size-large\"><img loading=\"lazy\" decoding=\"async\" width=\"1024\" height=\"1024\" data-id=\"5572\" src=\"https:\/\/alicia.cat\/wp-content\/uploads\/2024\/12\/DREAMS-CM-FOTOS-1024x1024.png\" alt=\"\" class=\"wp-image-5572\" srcset=\"https:\/\/alicia.cat\/wp-content\/uploads\/2024\/12\/DREAMS-CM-FOTOS-1024x1024.png 1024w, https:\/\/alicia.cat\/wp-content\/uploads\/2024\/12\/DREAMS-CM-FOTOS-300x300.png 300w, https:\/\/alicia.cat\/wp-content\/uploads\/2024\/12\/DREAMS-CM-FOTOS-150x150.png 150w, https:\/\/alicia.cat\/wp-content\/uploads\/2024\/12\/DREAMS-CM-FOTOS-768x768.png 768w, https:\/\/alicia.cat\/wp-content\/uploads\/2024\/12\/DREAMS-CM-FOTOS.png 1080w\" sizes=\"(max-width: 1024px) 100vw, 1024px\" \/><\/figure>\n<\/figure>\n","protected":false},"featured_media":5571,"template":"","class_list":["post-5584","noticia","type-noticia","status-publish","has-post-thumbnail","hentry"],"yoast_head":"<!-- This site is optimized with the Yoast SEO plugin v26.9 - https:\/\/yoast.com\/product\/yoast-seo-wordpress\/ -->\n<title>Fundaci\u00f3n Al\u00edcia en Madrid Fusi\u00f3n Dreams en Toledo - Fundaci\u00f3 Al\u00edcia<\/title>\n<meta name=\"robots\" content=\"index, follow, max-snippet:-1, max-image-preview:large, max-video-preview:-1\" \/>\n<link rel=\"canonical\" href=\"https:\/\/alicia.cat\/es\/noticia\/fundacion-alicia-en-madrid-fusion-dreams-en-toledo\/\" \/>\n<meta property=\"og:locale\" content=\"es_ES\" \/>\n<meta property=\"og:type\" content=\"article\" \/>\n<meta property=\"og:title\" content=\"Fundaci\u00f3n Al\u00edcia en Madrid Fusi\u00f3n Dreams en Toledo - Fundaci\u00f3 Al\u00edcia\" \/>\n<meta property=\"og:description\" content=\"Con esta participaci\u00f3n, Al\u00edcia reafirm\u00f3 su compromiso con la investigaci\u00f3n e innovaci\u00f3n en gastronom\u00eda, conectando salud, territorio y sostenibilidad en el futuro de la alimentaci\u00f3n. Durante el evento, Al\u00edcia contribuy\u00f3 al dise\u00f1o conceptual del programa junto con Madrid Fusi\u00f3n, destacando el papel de la gastronom\u00eda en la innovaci\u00f3n y la sostenibilidad. Se abord\u00f3 la conexi\u00f3n [&hellip;]\" \/>\n<meta property=\"og:url\" content=\"https:\/\/alicia.cat\/es\/noticia\/fundacion-alicia-en-madrid-fusion-dreams-en-toledo\/\" \/>\n<meta property=\"og:site_name\" content=\"Fundaci\u00f3 Al\u00edcia\" \/>\n<meta property=\"article:publisher\" content=\"https:\/\/www.facebook.com\/FUNDACIOALICIA\" \/>\n<meta property=\"article:modified_time\" content=\"2024-12-18T09:46:53+00:00\" \/>\n<meta property=\"og:image\" content=\"https:\/\/alicia.cat\/wp-content\/uploads\/2024\/12\/GXM_1403-scaled-e1734514589983.jpg\" \/>\n\t<meta property=\"og:image:width\" content=\"2560\" \/>\n\t<meta property=\"og:image:height\" content=\"2560\" \/>\n\t<meta property=\"og:image:type\" content=\"image\/jpeg\" \/>\n<meta name=\"twitter:card\" content=\"summary_large_image\" \/>\n<meta name=\"twitter:site\" content=\"@FundacioAlicia\" \/>\n<meta name=\"twitter:label1\" content=\"Tiempo de lectura\" \/>\n\t<meta name=\"twitter:data1\" content=\"3 minutos\" \/>\n<script type=\"application\/ld+json\" class=\"yoast-schema-graph\">{\"@context\":\"https:\/\/schema.org\",\"@graph\":[{\"@type\":[\"WebPage\",\"ItemPage\"],\"@id\":\"https:\/\/alicia.cat\/es\/noticia\/fundacion-alicia-en-madrid-fusion-dreams-en-toledo\/\",\"url\":\"https:\/\/alicia.cat\/es\/noticia\/fundacion-alicia-en-madrid-fusion-dreams-en-toledo\/\",\"name\":\"Fundaci\u00f3n Al\u00edcia en Madrid Fusi\u00f3n Dreams en Toledo - Fundaci\u00f3 Al\u00edcia\",\"isPartOf\":{\"@id\":\"https:\/\/alicia.cat\/es\/#website\"},\"primaryImageOfPage\":{\"@id\":\"https:\/\/alicia.cat\/es\/noticia\/fundacion-alicia-en-madrid-fusion-dreams-en-toledo\/#primaryimage\"},\"image\":{\"@id\":\"https:\/\/alicia.cat\/es\/noticia\/fundacion-alicia-en-madrid-fusion-dreams-en-toledo\/#primaryimage\"},\"thumbnailUrl\":\"https:\/\/alicia.cat\/wp-content\/uploads\/2024\/12\/GXM_1403-scaled-e1734514589983.jpg\",\"datePublished\":\"2024-12-03T09:38:33+00:00\",\"dateModified\":\"2024-12-18T09:46:53+00:00\",\"breadcrumb\":{\"@id\":\"https:\/\/alicia.cat\/es\/noticia\/fundacion-alicia-en-madrid-fusion-dreams-en-toledo\/#breadcrumb\"},\"inLanguage\":\"es\",\"potentialAction\":[{\"@type\":\"ReadAction\",\"target\":[\"https:\/\/alicia.cat\/es\/noticia\/fundacion-alicia-en-madrid-fusion-dreams-en-toledo\/\"]}]},{\"@type\":\"ImageObject\",\"inLanguage\":\"es\",\"@id\":\"https:\/\/alicia.cat\/es\/noticia\/fundacion-alicia-en-madrid-fusion-dreams-en-toledo\/#primaryimage\",\"url\":\"https:\/\/alicia.cat\/wp-content\/uploads\/2024\/12\/GXM_1403-scaled-e1734514589983.jpg\",\"contentUrl\":\"https:\/\/alicia.cat\/wp-content\/uploads\/2024\/12\/GXM_1403-scaled-e1734514589983.jpg\",\"width\":2048,\"height\":984},{\"@type\":\"BreadcrumbList\",\"@id\":\"https:\/\/alicia.cat\/es\/noticia\/fundacion-alicia-en-madrid-fusion-dreams-en-toledo\/#breadcrumb\",\"itemListElement\":[{\"@type\":\"ListItem\",\"position\":1,\"name\":\"Inici\",\"item\":\"https:\/\/alicia.cat\/es\/\"},{\"@type\":\"ListItem\",\"position\":2,\"name\":\"Not\u00edcies\",\"item\":\"https:\/\/alicia.cat\/es\/noticia\/\"},{\"@type\":\"ListItem\",\"position\":3,\"name\":\"Fundaci\u00f3n Al\u00edcia en Madrid Fusi\u00f3n Dreams en Toledo\"}]},{\"@type\":\"WebSite\",\"@id\":\"https:\/\/alicia.cat\/es\/#website\",\"url\":\"https:\/\/alicia.cat\/es\/\",\"name\":\"Fundaci\u00f3 Al\u00edcia\",\"description\":\"\",\"publisher\":{\"@id\":\"https:\/\/alicia.cat\/es\/#organization\"},\"potentialAction\":[{\"@type\":\"SearchAction\",\"target\":{\"@type\":\"EntryPoint\",\"urlTemplate\":\"https:\/\/alicia.cat\/es\/?s={search_term_string}\"},\"query-input\":{\"@type\":\"PropertyValueSpecification\",\"valueRequired\":true,\"valueName\":\"search_term_string\"}}],\"inLanguage\":\"es\"},{\"@type\":\"Organization\",\"@id\":\"https:\/\/alicia.cat\/es\/#organization\",\"name\":\"Fundaci\u00f3 Al\u00edcia\",\"alternateName\":\"Al\u00edcia\",\"url\":\"https:\/\/alicia.cat\/es\/\",\"logo\":{\"@type\":\"ImageObject\",\"inLanguage\":\"es\",\"@id\":\"https:\/\/alicia.cat\/es\/#\/schema\/logo\/image\/\",\"url\":\"https:\/\/alicia.cat\/wp-content\/uploads\/2023\/02\/logo_alicia.svg\",\"contentUrl\":\"https:\/\/alicia.cat\/wp-content\/uploads\/2023\/02\/logo_alicia.svg\",\"width\":240,\"height\":50,\"caption\":\"Fundaci\u00f3 Al\u00edcia\"},\"image\":{\"@id\":\"https:\/\/alicia.cat\/es\/#\/schema\/logo\/image\/\"},\"sameAs\":[\"https:\/\/www.facebook.com\/FUNDACIOALICIA\",\"https:\/\/x.com\/FundacioAlicia\",\"https:\/\/www.instagram.com\/fundacioalicia\/\",\"https:\/\/www.linkedin.com\/company\/fundacionalicia\/\",\"https:\/\/www.youtube.com\/FundacioAlicia\"]}]}<\/script>\n<!-- \/ Yoast SEO plugin. -->","yoast_head_json":{"title":"Fundaci\u00f3n Al\u00edcia en Madrid Fusi\u00f3n Dreams en Toledo - Fundaci\u00f3 Al\u00edcia","robots":{"index":"index","follow":"follow","max-snippet":"max-snippet:-1","max-image-preview":"max-image-preview:large","max-video-preview":"max-video-preview:-1"},"canonical":"https:\/\/alicia.cat\/es\/noticia\/fundacion-alicia-en-madrid-fusion-dreams-en-toledo\/","og_locale":"es_ES","og_type":"article","og_title":"Fundaci\u00f3n Al\u00edcia en Madrid Fusi\u00f3n Dreams en Toledo - Fundaci\u00f3 Al\u00edcia","og_description":"Con esta participaci\u00f3n, Al\u00edcia reafirm\u00f3 su compromiso con la investigaci\u00f3n e innovaci\u00f3n en gastronom\u00eda, conectando salud, territorio y sostenibilidad en el futuro de la alimentaci\u00f3n. Durante el evento, Al\u00edcia contribuy\u00f3 al dise\u00f1o conceptual del programa junto con Madrid Fusi\u00f3n, destacando el papel de la gastronom\u00eda en la innovaci\u00f3n y la sostenibilidad. Se abord\u00f3 la conexi\u00f3n [&hellip;]","og_url":"https:\/\/alicia.cat\/es\/noticia\/fundacion-alicia-en-madrid-fusion-dreams-en-toledo\/","og_site_name":"Fundaci\u00f3 Al\u00edcia","article_publisher":"https:\/\/www.facebook.com\/FUNDACIOALICIA","article_modified_time":"2024-12-18T09:46:53+00:00","og_image":[{"width":2560,"height":2560,"url":"https:\/\/alicia.cat\/wp-content\/uploads\/2024\/12\/GXM_1403-scaled-e1734514589983.jpg","type":"image\/jpeg"}],"twitter_card":"summary_large_image","twitter_site":"@FundacioAlicia","twitter_misc":{"Tiempo de lectura":"3 minutos"},"schema":{"@context":"https:\/\/schema.org","@graph":[{"@type":["WebPage","ItemPage"],"@id":"https:\/\/alicia.cat\/es\/noticia\/fundacion-alicia-en-madrid-fusion-dreams-en-toledo\/","url":"https:\/\/alicia.cat\/es\/noticia\/fundacion-alicia-en-madrid-fusion-dreams-en-toledo\/","name":"Fundaci\u00f3n Al\u00edcia en Madrid Fusi\u00f3n Dreams en Toledo - Fundaci\u00f3 Al\u00edcia","isPartOf":{"@id":"https:\/\/alicia.cat\/es\/#website"},"primaryImageOfPage":{"@id":"https:\/\/alicia.cat\/es\/noticia\/fundacion-alicia-en-madrid-fusion-dreams-en-toledo\/#primaryimage"},"image":{"@id":"https:\/\/alicia.cat\/es\/noticia\/fundacion-alicia-en-madrid-fusion-dreams-en-toledo\/#primaryimage"},"thumbnailUrl":"https:\/\/alicia.cat\/wp-content\/uploads\/2024\/12\/GXM_1403-scaled-e1734514589983.jpg","datePublished":"2024-12-03T09:38:33+00:00","dateModified":"2024-12-18T09:46:53+00:00","breadcrumb":{"@id":"https:\/\/alicia.cat\/es\/noticia\/fundacion-alicia-en-madrid-fusion-dreams-en-toledo\/#breadcrumb"},"inLanguage":"es","potentialAction":[{"@type":"ReadAction","target":["https:\/\/alicia.cat\/es\/noticia\/fundacion-alicia-en-madrid-fusion-dreams-en-toledo\/"]}]},{"@type":"ImageObject","inLanguage":"es","@id":"https:\/\/alicia.cat\/es\/noticia\/fundacion-alicia-en-madrid-fusion-dreams-en-toledo\/#primaryimage","url":"https:\/\/alicia.cat\/wp-content\/uploads\/2024\/12\/GXM_1403-scaled-e1734514589983.jpg","contentUrl":"https:\/\/alicia.cat\/wp-content\/uploads\/2024\/12\/GXM_1403-scaled-e1734514589983.jpg","width":2048,"height":984},{"@type":"BreadcrumbList","@id":"https:\/\/alicia.cat\/es\/noticia\/fundacion-alicia-en-madrid-fusion-dreams-en-toledo\/#breadcrumb","itemListElement":[{"@type":"ListItem","position":1,"name":"Inici","item":"https:\/\/alicia.cat\/es\/"},{"@type":"ListItem","position":2,"name":"Not\u00edcies","item":"https:\/\/alicia.cat\/es\/noticia\/"},{"@type":"ListItem","position":3,"name":"Fundaci\u00f3n Al\u00edcia en Madrid Fusi\u00f3n Dreams en Toledo"}]},{"@type":"WebSite","@id":"https:\/\/alicia.cat\/es\/#website","url":"https:\/\/alicia.cat\/es\/","name":"Fundaci\u00f3 Al\u00edcia","description":"","publisher":{"@id":"https:\/\/alicia.cat\/es\/#organization"},"potentialAction":[{"@type":"SearchAction","target":{"@type":"EntryPoint","urlTemplate":"https:\/\/alicia.cat\/es\/?s={search_term_string}"},"query-input":{"@type":"PropertyValueSpecification","valueRequired":true,"valueName":"search_term_string"}}],"inLanguage":"es"},{"@type":"Organization","@id":"https:\/\/alicia.cat\/es\/#organization","name":"Fundaci\u00f3 Al\u00edcia","alternateName":"Al\u00edcia","url":"https:\/\/alicia.cat\/es\/","logo":{"@type":"ImageObject","inLanguage":"es","@id":"https:\/\/alicia.cat\/es\/#\/schema\/logo\/image\/","url":"https:\/\/alicia.cat\/wp-content\/uploads\/2023\/02\/logo_alicia.svg","contentUrl":"https:\/\/alicia.cat\/wp-content\/uploads\/2023\/02\/logo_alicia.svg","width":240,"height":50,"caption":"Fundaci\u00f3 Al\u00edcia"},"image":{"@id":"https:\/\/alicia.cat\/es\/#\/schema\/logo\/image\/"},"sameAs":["https:\/\/www.facebook.com\/FUNDACIOALICIA","https:\/\/x.com\/FundacioAlicia","https:\/\/www.instagram.com\/fundacioalicia\/","https:\/\/www.linkedin.com\/company\/fundacionalicia\/","https:\/\/www.youtube.com\/FundacioAlicia"]}]}},"_links":{"self":[{"href":"https:\/\/alicia.cat\/es\/wp-json\/wp\/v2\/noticia\/5584","targetHints":{"allow":["GET"]}}],"collection":[{"href":"https:\/\/alicia.cat\/es\/wp-json\/wp\/v2\/noticia"}],"about":[{"href":"https:\/\/alicia.cat\/es\/wp-json\/wp\/v2\/types\/noticia"}],"wp:featuredmedia":[{"embeddable":true,"href":"https:\/\/alicia.cat\/es\/wp-json\/wp\/v2\/media\/5571"}],"wp:attachment":[{"href":"https:\/\/alicia.cat\/es\/wp-json\/wp\/v2\/media?parent=5584"}],"curies":[{"name":"wp","href":"https:\/\/api.w.org\/{rel}","templated":true}]}}